{"id":166554,"date":"2026-01-14T12:00:00","date_gmt":"2026-01-14T18:00:00","guid":{"rendered":"https:\/\/rutadelvino.proximamente.mx\/sin-categoria\/el-corcho-el-pequeno-gran-protagonista-del-vino\/"},"modified":"2026-02-27T01:04:31","modified_gmt":"2026-02-27T07:04:31","slug":"el-corcho-el-pequeno-gran-protagonista-del-vino","status":"publish","type":"post","link":"https:\/\/rutadelvino.proximamente.mx\/en\/blog\/el-corcho-el-pequeno-gran-protagonista-del-vino\/","title":{"rendered":"El Corcho: El Peque\u00f1o Gran Protagonista del Vino"},"content":{"rendered":"<article class=\"hm-blog-article\">\n<p class=\"hm-blog-intro\">\u00bfTe has puesto a pensar en ese pedazo de corteza que sella la botella que vas a abrir? Parece algo menor, un simple tap\u00f3n. Pero ah\u00ed est\u00e1 la diferencia entre un vino que llega muerto a tu copa y uno que madur\u00f3 bien durante a\u00f1os. El corcho tiene la culpa, o el m\u00e9rito, de que ese vino que te gust\u00f3 tanto sepa como sabe.<\/p>\n<h2 class=\"hm-blog-subtitle\">De d\u00f3nde viene (y por qu\u00e9 no es cualquier \u00e1rbol)<\/h2>\n<p>El corcho sale de la corteza del alcornoque, un roble que crece en el Mediterr\u00e1neo. Lo curioso es c\u00f3mo se obtiene: no se tala el \u00e1rbol. Cada nueve o diez a\u00f1os, le quitan la corteza a mano, y el \u00e1rbol la vuelve a crecer. Puede vivir m\u00e1s de 200 a\u00f1os y producir corcho unas 15 veces en su vida.<\/p>\n<figure class=\"hm-blog-img-editorial\"><img decoding=\"async\" class=\"img-fluid\" src=\"https:\/\/rutadelvino.proximamente.mx\/wp-content\/uploads\/2026\/02\/gen-bosque-alcornoques.jpg\" alt=\"Bosque de alcornoques con corteza reci\u00e9n extra\u00edda mostrando troncos rojizos bajo luz dorada matutina\" \/><figcaption>Bosque de alcornoques en el Mediterr\u00e1neo, de donde se extrae el corcho natural<\/figcaption><\/figure>\n<p>Los griegos ya lo usaban para tapar \u00e1nforas, pero fue hasta el siglo XVII que se volvi\u00f3 est\u00e1ndar para el vino en botella. Los ingleses inventaron el sacacorchos m\u00e1s o menos por la misma \u00e9poca. Coincidencia conveniente.<\/p>\n<h2 class=\"hm-blog-subtitle\">\u00bfQu\u00e9 tiene de especial?<\/h2>\n<p>El corcho natural hace cosas que ning\u00fan otro material logra igual. Es ligero, resiste el agua y los gases, se comprime y recupera su forma, y no se quema f\u00e1cil. Pero lo que importa para el vino es otra cosa: deja pasar min\u00fasculas cantidades de ox\u00edgeno. Muy poquito, pero constante.<\/p>\n<p>Esa microoxigenaci\u00f3n es lo que permite que un vino tinto con cuerpo evolucione en la botella. Sus aromas se vuelven m\u00e1s complejos con los a\u00f1os. Sin eso, ser\u00eda otro vino.<\/p>\n<p>Adem\u00e1s, el corcho se adapta. Se expande dentro del cuello de la botella y mantiene el sello herm\u00e9tico aunque la temperatura cambie. Por eso un buen vino puede guardarse 20 o 30 a\u00f1os y seguir vivo.<\/p>\n<h2 class=\"hm-blog-subtitle\">No todos los corchos son iguales<\/h2>\n<p>Si has abierto suficientes botellas, habr\u00e1s notado que los corchos no se ven igual. Hay varios tipos:<\/p>\n<div class=\"hm-blog-award-card\">\n<h3>Tipos de corcho<\/h3>\n<ul>\n<li><strong>Natural:<\/strong> Una sola pieza de corteza, el de mejor calidad. Se usa en vinos que se van a guardar a\u00f1os.<\/li>\n<li><strong>Colmatado:<\/strong> Tambi\u00e9n es natural, pero tiene poros rellenados con polvo de corcho. Funciona bien y cuesta menos.<\/li>\n<li><strong>Aglomerado:<\/strong> Hecho de part\u00edculas prensadas. M\u00e1s barato, sirve para vinos j\u00f3venes que se van a tomar pronto.<\/li>\n<li><strong>T\u00e9cnico:<\/strong> Una mezcla: cuerpo de aglomerado con discos de corcho natural en los extremos.<\/li>\n<\/ul>\n<\/div>\n<figure class=\"hm-blog-img-editorial\"><img decoding=\"async\" class=\"img-fluid\" src=\"https:\/\/rutadelvino.proximamente.mx\/wp-content\/uploads\/2026\/02\/gen-tipos-corchos.jpg\" alt=\"Arreglo plano de diferentes tipos de corchos de vino sobre mesa de madera r\u00fastica\" \/><figcaption>Comparaci\u00f3n visual de los principales tipos de cierre para vino<\/figcaption><\/figure>\n<p>\u00daltimamente ven m\u00e1s tapones de rosca y sint\u00e9ticos. Tienen sus ventajas (no se corchan, cuestan menos), pero para vinos de guarda, la mayor\u00eda de los productores siguen prefiriendo el corcho natural.<\/p>\n<h2 class=\"hm-blog-subtitle\">El ritual (y por qu\u00e9 hueles el corcho)<\/h2>\n<p>Abrir una botella con corcho tiene su cosa. El ruido de la c\u00e1psula al cortarse, c\u00f3mo se siente el sacacorchos entrando, ese &#8220;pop&#8221; final. No es lo mismo que destornillar un tap\u00f3n.<\/p>\n<p>Y luego est\u00e1 lo de oler el corcho. No es pedanter\u00eda. Si el corcho huele a papel mojado o a s\u00f3tano, algo sali\u00f3 mal. Es el TCA (tricloroanisol), un compuesto que contamina el vino. Se dice que el vino est\u00e1 &#8220;corchado&#8221;. No pasa seguido, quiz\u00e1 en 3 o 4 de cada 100 botellas, pero cuando pasa, arruina la experiencia.<\/p>\n<figure class=\"hm-blog-img-editorial\"><img decoding=\"async\" class=\"img-fluid\" src=\"https:\/\/rutadelvino.proximamente.mx\/wp-content\/uploads\/2026\/02\/gen-oliendo-corcho.jpg\" alt=\"Primer plano de manos oliendo un corcho reci\u00e9n extra\u00eddo en ambiente de bodega\" \/><figcaption>Oler el corcho es parte del ritual y permite detectar posibles fallas en el vino<\/figcaption><\/figure>\n<h2 class=\"hm-blog-subtitle\">El asunto ambiental<\/h2>\n<p>Los alcornocales, los bosques de alcornoque, son ecosistemas valiosos. Ah\u00ed viven linces, \u00e1guilas imperiales, muchas especies que no encuentran hogar en otro lado. Adem\u00e1s, estos \u00e1rboles capturan CO\u2082 mientras regeneran su corteza.<\/p>\n<p>Cuando compras un vino con corcho natural, indirectamente est\u00e1s sosteniendo esos bosques y la gente que trabaja en ellos. No es el motivo principal para elegir un vino, pero est\u00e1 bien saberlo.<\/p>\n<hr class=\"hm-blog-divider\" \/>\n<h2 class=\"hm-blog-subtitle\">Guanajuato y el corcho<\/h2>\n<p>La regi\u00f3n vitivin\u00edcola de Guanajuato, en el Valle de la Independencia, ha crecido mucho en los \u00faltimos a\u00f1os. Los productores de aqu\u00ed compiten con vinos de otras partes de M\u00e9xico y del extranjero, y eso implica cuidar cada detalle: desde la vid hasta lo que cierra la botella.<\/p>\n<figure class=\"hm-blog-img-editorial\"><img decoding=\"async\" class=\"img-fluid\" src=\"https:\/\/rutadelvino.proximamente.mx\/wp-content\/uploads\/2026\/02\/gen-botella-vinedo.jpg\" alt=\"Botella de vino tinto en vi\u00f1edo al atardecer con vides y monta\u00f1as al fondo\" \/><figcaption>Los vinos de Guanajuato cuidan cada detalle, incluido el cierre de la botella<\/figcaption><\/figure>\n<p>Si visitas las bodegas de la Ruta del Vino, pregunta por qu\u00e9 usan el tipo de corcho que usan. Los en\u00f3logos suelen tener opiniones al respecto y les gusta hablar de eso. Es una forma de entender mejor lo que est\u00e1s bebiendo.<\/p>\n<div class=\"hm-blog-quote\">\n<p>&#8220;La pr\u00f3xima vez que abras una botella, dale un segundo al corcho. M\u00edralo, t\u00f3calo, hu\u00e9lelo. Si el vino es de Guanajuato, mejor: hay una historia ah\u00ed atr\u00e1s que vale la pena conocer.&#8221;<\/p>\n<p><span class=\"quote-author\">Y si el corcho se resiste un poco antes de salir, paciencia. Los buenos cierres son as\u00ed.<\/span><\/p>\n<\/div>\n<\/article>","protected":false},"excerpt":{"rendered":"<p>\u00bfTe has puesto a pensar en ese pedazo de corteza que sella la botella que vas a abrir? Parece algo menor, un simple tap\u00f3n. Pero ah\u00ed est\u00e1 la diferencia entre un vino que llega muerto a tu copa y uno que madur\u00f3 bien durante a\u00f1os. El corcho tiene la culpa, o el m\u00e9rito, de que ese vino que te gust\u00f3 tanto sepa como sabe.<\/p>","protected":false},"author":1,"featured_media":166550,"comment_status":"open","ping_status":"open","sticky":false,"template":"","format":"standard","meta":{"footnotes":""},"categories":[102],"tags":[109,110,111],"class_list":["post-166554","post","type-post","status-publish","format-standard","has-post-thumbnail","hentry","category-blog","tag-corcho","tag-vino","tag-enologia"],"yoast_head":"<!-- This site is optimized with the Yoast SEO plugin v27.4 - https:\/\/yoast.com\/product\/yoast-seo-wordpress\/ -->\n<title>El Corcho: El Peque\u00f1o Gran Protagonista del Vino - Ruta del Vino<\/title>\n<meta name=\"robots\" content=\"index, follow, max-snippet:-1, max-image-preview:large, max-video-preview:-1\" \/>\n<link rel=\"canonical\" href=\"https:\/\/rutadelvino.proximamente.mx\/en\/blog\/el-corcho-el-pequeno-gran-protagonista-del-vino\/\" \/>\n<meta property=\"og:locale\" content=\"en_US\" \/>\n<meta property=\"og:type\" content=\"article\" \/>\n<meta property=\"og:title\" content=\"El Corcho: El Peque\u00f1o Gran Protagonista del Vino - Ruta del Vino\" \/>\n<meta property=\"og:description\" content=\"\u00bfTe has puesto a pensar en ese pedazo de corteza que sella la botella que vas a abrir? Parece algo menor, un simple tap\u00f3n. Pero ah\u00ed est\u00e1 la difere\" \/>\n<meta property=\"og:url\" content=\"https:\/\/rutadelvino.proximamente.mx\/en\/blog\/el-corcho-el-pequeno-gran-protagonista-del-vino\/\" \/>\n<meta property=\"og:site_name\" content=\"Ruta del Vino\" \/>\n<meta property=\"article:publisher\" content=\"https:\/\/www.facebook.com\/rutadelvinoguanajuato\" \/>\n<meta property=\"article:published_time\" content=\"2026-01-14T18:00:00+00:00\" \/>\n<meta property=\"article:modified_time\" content=\"2026-02-27T07:04:31+00:00\" \/>\n<meta property=\"og:image\" content=\"https:\/\/rutadelvino.proximamente.mx\/wp-content\/uploads\/2026\/02\/gen-cabecera-descorche.jpg\" \/>\n\t<meta property=\"og:image:width\" content=\"1360\" \/>\n\t<meta property=\"og:image:height\" content=\"768\" \/>\n\t<meta property=\"og:image:type\" content=\"image\/jpeg\" \/>\n<meta name=\"author\" content=\"Pablo Torres\" \/>\n<meta name=\"twitter:card\" content=\"summary_large_image\" \/>\n<meta name=\"twitter:label1\" content=\"Written by\" \/>\n\t<meta name=\"twitter:data1\" content=\"Pablo Torres\" \/>\n\t<meta name=\"twitter:label2\" content=\"Est. reading time\" \/>\n\t<meta name=\"twitter:data2\" content=\"5 minutes\" \/>\n<script type=\"application\/ld+json\" class=\"yoast-schema-graph\">{\"@context\":\"https:\\\/\\\/schema.org\",\"@graph\":[{\"@type\":\"Article\",\"@id\":\"https:\\\/\\\/rutadelvino.proximamente.mx\\\/blog\\\/el-corcho-el-pequeno-gran-protagonista-del-vino\\\/#article\",\"isPartOf\":{\"@id\":\"https:\\\/\\\/rutadelvino.proximamente.mx\\\/blog\\\/el-corcho-el-pequeno-gran-protagonista-del-vino\\\/\"},\"author\":{\"name\":\"Pablo Torres\",\"@id\":\"https:\\\/\\\/rutadelvino.proximamente.mx\\\/#\\\/schema\\\/person\\\/d868b63d2d046aeb3e183b46f8c4c1ac\"},\"headline\":\"El Corcho: El Peque\u00f1o Gran Protagonista del Vino\",\"datePublished\":\"2026-01-14T18:00:00+00:00\",\"dateModified\":\"2026-02-27T07:04:31+00:00\",\"mainEntityOfPage\":{\"@id\":\"https:\\\/\\\/rutadelvino.proximamente.mx\\\/blog\\\/el-corcho-el-pequeno-gran-protagonista-del-vino\\\/\"},\"wordCount\":829,\"commentCount\":0,\"publisher\":{\"@id\":\"https:\\\/\\\/rutadelvino.proximamente.mx\\\/#organization\"},\"image\":{\"@id\":\"https:\\\/\\\/rutadelvino.proximamente.mx\\\/blog\\\/el-corcho-el-pequeno-gran-protagonista-del-vino\\\/#primaryimage\"},\"thumbnailUrl\":\"https:\\\/\\\/rutadelvino.proximamente.mx\\\/wp-content\\\/uploads\\\/2026\\\/02\\\/gen-cabecera-descorche.jpg\",\"keywords\":[\"corcho\",\"vino\",\"enolog\u00eda\"],\"articleSection\":[\"Blog\"],\"inLanguage\":\"en-US\",\"potentialAction\":[{\"@type\":\"CommentAction\",\"name\":\"Comment\",\"target\":[\"https:\\\/\\\/rutadelvino.proximamente.mx\\\/blog\\\/el-corcho-el-pequeno-gran-protagonista-del-vino\\\/#respond\"]}]},{\"@type\":\"WebPage\",\"@id\":\"https:\\\/\\\/rutadelvino.proximamente.mx\\\/blog\\\/el-corcho-el-pequeno-gran-protagonista-del-vino\\\/\",\"url\":\"https:\\\/\\\/rutadelvino.proximamente.mx\\\/blog\\\/el-corcho-el-pequeno-gran-protagonista-del-vino\\\/\",\"name\":\"El Corcho: El Peque\u00f1o Gran Protagonista del Vino - Ruta del Vino\",\"isPartOf\":{\"@id\":\"https:\\\/\\\/rutadelvino.proximamente.mx\\\/#website\"},\"primaryImageOfPage\":{\"@id\":\"https:\\\/\\\/rutadelvino.proximamente.mx\\\/blog\\\/el-corcho-el-pequeno-gran-protagonista-del-vino\\\/#primaryimage\"},\"image\":{\"@id\":\"https:\\\/\\\/rutadelvino.proximamente.mx\\\/blog\\\/el-corcho-el-pequeno-gran-protagonista-del-vino\\\/#primaryimage\"},\"thumbnailUrl\":\"https:\\\/\\\/rutadelvino.proximamente.mx\\\/wp-content\\\/uploads\\\/2026\\\/02\\\/gen-cabecera-descorche.jpg\",\"datePublished\":\"2026-01-14T18:00:00+00:00\",\"dateModified\":\"2026-02-27T07:04:31+00:00\",\"breadcrumb\":{\"@id\":\"https:\\\/\\\/rutadelvino.proximamente.mx\\\/blog\\\/el-corcho-el-pequeno-gran-protagonista-del-vino\\\/#breadcrumb\"},\"inLanguage\":\"en-US\",\"potentialAction\":[{\"@type\":\"ReadAction\",\"target\":[\"https:\\\/\\\/rutadelvino.proximamente.mx\\\/blog\\\/el-corcho-el-pequeno-gran-protagonista-del-vino\\\/\"]}]},{\"@type\":\"ImageObject\",\"inLanguage\":\"en-US\",\"@id\":\"https:\\\/\\\/rutadelvino.proximamente.mx\\\/blog\\\/el-corcho-el-pequeno-gran-protagonista-del-vino\\\/#primaryimage\",\"url\":\"https:\\\/\\\/rutadelvino.proximamente.mx\\\/wp-content\\\/uploads\\\/2026\\\/02\\\/gen-cabecera-descorche.jpg\",\"contentUrl\":\"https:\\\/\\\/rutadelvino.proximamente.mx\\\/wp-content\\\/uploads\\\/2026\\\/02\\\/gen-cabecera-descorche.jpg\",\"width\":1360,\"height\":768},{\"@type\":\"BreadcrumbList\",\"@id\":\"https:\\\/\\\/rutadelvino.proximamente.mx\\\/blog\\\/el-corcho-el-pequeno-gran-protagonista-del-vino\\\/#breadcrumb\",\"itemListElement\":[{\"@type\":\"ListItem\",\"position\":1,\"name\":\"Home\",\"item\":\"https:\\\/\\\/rutadelvino.proximamente.mx\\\/\"},{\"@type\":\"ListItem\",\"position\":2,\"name\":\"El Corcho: El Peque\u00f1o Gran Protagonista del Vino\"}]},{\"@type\":\"WebSite\",\"@id\":\"https:\\\/\\\/rutadelvino.proximamente.mx\\\/#website\",\"url\":\"https:\\\/\\\/rutadelvino.proximamente.mx\\\/\",\"name\":\"Ruta del Vino\",\"description\":\"Valle de la Independencia\",\"publisher\":{\"@id\":\"https:\\\/\\\/rutadelvino.proximamente.mx\\\/#organization\"},\"potentialAction\":[{\"@type\":\"SearchAction\",\"target\":{\"@type\":\"EntryPoint\",\"urlTemplate\":\"https:\\\/\\\/rutadelvino.proximamente.mx\\\/?s={search_term_string}\"},\"query-input\":{\"@type\":\"PropertyValueSpecification\",\"valueRequired\":true,\"valueName\":\"search_term_string\"}}],\"inLanguage\":\"en-US\"},{\"@type\":\"Organization\",\"@id\":\"https:\\\/\\\/rutadelvino.proximamente.mx\\\/#organization\",\"name\":\"Ruta del Vino\",\"url\":\"https:\\\/\\\/rutadelvino.proximamente.mx\\\/\",\"logo\":{\"@type\":\"ImageObject\",\"inLanguage\":\"en-US\",\"@id\":\"https:\\\/\\\/rutadelvino.proximamente.mx\\\/#\\\/schema\\\/logo\\\/image\\\/\",\"url\":\"https:\\\/\\\/rutadelvino.proximamente.mx\\\/wp-content\\\/uploads\\\/2026\\\/02\\\/logo-a.png\",\"contentUrl\":\"https:\\\/\\\/rutadelvino.proximamente.mx\\\/wp-content\\\/uploads\\\/2026\\\/02\\\/logo-a.png\",\"width\":512,\"height\":421,\"caption\":\"Ruta del Vino\"},\"image\":{\"@id\":\"https:\\\/\\\/rutadelvino.proximamente.mx\\\/#\\\/schema\\\/logo\\\/image\\\/\"},\"sameAs\":[\"https:\\\/\\\/www.facebook.com\\\/rutadelvinoguanajuato\",\"https:\\\/\\\/www.instagram.com\\\/rutadelvinoguanajuato\",\"https:\\\/\\\/www.tiktok.com\\\/@rutadelvinoguanajuato\"]},{\"@type\":\"Person\",\"@id\":\"https:\\\/\\\/rutadelvino.proximamente.mx\\\/#\\\/schema\\\/person\\\/d868b63d2d046aeb3e183b46f8c4c1ac\",\"name\":\"Pablo Torres\",\"image\":{\"@type\":\"ImageObject\",\"inLanguage\":\"en-US\",\"@id\":\"https:\\\/\\\/secure.gravatar.com\\\/avatar\\\/7b2fd4a477a1b48c420d2a95aa92c3e136b15571c2425bb28a537230e57a0cb7?s=96&r=g&d=https:\\\/\\\/rutadelvino.proximamente.mx\\\/wp-content\\\/plugins\\\/userswp\\\/assets\\\/images\\\/no_profile.png\",\"url\":\"https:\\\/\\\/secure.gravatar.com\\\/avatar\\\/7b2fd4a477a1b48c420d2a95aa92c3e136b15571c2425bb28a537230e57a0cb7?s=96&r=g&d=https:\\\/\\\/rutadelvino.proximamente.mx\\\/wp-content\\\/plugins\\\/userswp\\\/assets\\\/images\\\/no_profile.png\",\"contentUrl\":\"https:\\\/\\\/secure.gravatar.com\\\/avatar\\\/7b2fd4a477a1b48c420d2a95aa92c3e136b15571c2425bb28a537230e57a0cb7?s=96&r=g&d=https:\\\/\\\/rutadelvino.proximamente.mx\\\/wp-content\\\/plugins\\\/userswp\\\/assets\\\/images\\\/no_profile.png\",\"caption\":\"Pablo Torres\"},\"sameAs\":[\"https:\\\/\\\/rutadelvino.proximamente.mx\"],\"url\":\"https:\\\/\\\/rutadelvino.proximamente.mx\\\/en\\\/perfil\\\/pablotll\\\/\"}]}<\/script>\n<!-- \/ Yoast SEO plugin. -->","yoast_head_json":{"title":"El Corcho: El Peque\u00f1o Gran Protagonista del Vino - Ruta del Vino","robots":{"index":"index","follow":"follow","max-snippet":"max-snippet:-1","max-image-preview":"max-image-preview:large","max-video-preview":"max-video-preview:-1"},"canonical":"https:\/\/rutadelvino.proximamente.mx\/en\/blog\/el-corcho-el-pequeno-gran-protagonista-del-vino\/","og_locale":"en_US","og_type":"article","og_title":"El Corcho: El Peque\u00f1o Gran Protagonista del Vino - Ruta del Vino","og_description":"\u00bfTe has puesto a pensar en ese pedazo de corteza que sella la botella que vas a abrir? Parece algo menor, un simple tap\u00f3n. Pero ah\u00ed est\u00e1 la difere","og_url":"https:\/\/rutadelvino.proximamente.mx\/en\/blog\/el-corcho-el-pequeno-gran-protagonista-del-vino\/","og_site_name":"Ruta del Vino","article_publisher":"https:\/\/www.facebook.com\/rutadelvinoguanajuato","article_published_time":"2026-01-14T18:00:00+00:00","article_modified_time":"2026-02-27T07:04:31+00:00","og_image":[{"width":1360,"height":768,"url":"https:\/\/rutadelvino.proximamente.mx\/wp-content\/uploads\/2026\/02\/gen-cabecera-descorche.jpg","type":"image\/jpeg"}],"author":"Pablo Torres","twitter_card":"summary_large_image","twitter_misc":{"Written by":"Pablo Torres","Est. reading time":"5 minutes"},"schema":{"@context":"https:\/\/schema.org","@graph":[{"@type":"Article","@id":"https:\/\/rutadelvino.proximamente.mx\/blog\/el-corcho-el-pequeno-gran-protagonista-del-vino\/#article","isPartOf":{"@id":"https:\/\/rutadelvino.proximamente.mx\/blog\/el-corcho-el-pequeno-gran-protagonista-del-vino\/"},"author":{"name":"Pablo Torres","@id":"https:\/\/rutadelvino.proximamente.mx\/#\/schema\/person\/d868b63d2d046aeb3e183b46f8c4c1ac"},"headline":"El Corcho: El Peque\u00f1o Gran Protagonista del Vino","datePublished":"2026-01-14T18:00:00+00:00","dateModified":"2026-02-27T07:04:31+00:00","mainEntityOfPage":{"@id":"https:\/\/rutadelvino.proximamente.mx\/blog\/el-corcho-el-pequeno-gran-protagonista-del-vino\/"},"wordCount":829,"commentCount":0,"publisher":{"@id":"https:\/\/rutadelvino.proximamente.mx\/#organization"},"image":{"@id":"https:\/\/rutadelvino.proximamente.mx\/blog\/el-corcho-el-pequeno-gran-protagonista-del-vino\/#primaryimage"},"thumbnailUrl":"https:\/\/rutadelvino.proximamente.mx\/wp-content\/uploads\/2026\/02\/gen-cabecera-descorche.jpg","keywords":["corcho","vino","enolog\u00eda"],"articleSection":["Blog"],"inLanguage":"en-US","potentialAction":[{"@type":"CommentAction","name":"Comment","target":["https:\/\/rutadelvino.proximamente.mx\/blog\/el-corcho-el-pequeno-gran-protagonista-del-vino\/#respond"]}]},{"@type":"WebPage","@id":"https:\/\/rutadelvino.proximamente.mx\/blog\/el-corcho-el-pequeno-gran-protagonista-del-vino\/","url":"https:\/\/rutadelvino.proximamente.mx\/blog\/el-corcho-el-pequeno-gran-protagonista-del-vino\/","name":"El Corcho: El Peque\u00f1o Gran Protagonista del Vino - Ruta del Vino","isPartOf":{"@id":"https:\/\/rutadelvino.proximamente.mx\/#website"},"primaryImageOfPage":{"@id":"https:\/\/rutadelvino.proximamente.mx\/blog\/el-corcho-el-pequeno-gran-protagonista-del-vino\/#primaryimage"},"image":{"@id":"https:\/\/rutadelvino.proximamente.mx\/blog\/el-corcho-el-pequeno-gran-protagonista-del-vino\/#primaryimage"},"thumbnailUrl":"https:\/\/rutadelvino.proximamente.mx\/wp-content\/uploads\/2026\/02\/gen-cabecera-descorche.jpg","datePublished":"2026-01-14T18:00:00+00:00","dateModified":"2026-02-27T07:04:31+00:00","breadcrumb":{"@id":"https:\/\/rutadelvino.proximamente.mx\/blog\/el-corcho-el-pequeno-gran-protagonista-del-vino\/#breadcrumb"},"inLanguage":"en-US","potentialAction":[{"@type":"ReadAction","target":["https:\/\/rutadelvino.proximamente.mx\/blog\/el-corcho-el-pequeno-gran-protagonista-del-vino\/"]}]},{"@type":"ImageObject","inLanguage":"en-US","@id":"https:\/\/rutadelvino.proximamente.mx\/blog\/el-corcho-el-pequeno-gran-protagonista-del-vino\/#primaryimage","url":"https:\/\/rutadelvino.proximamente.mx\/wp-content\/uploads\/2026\/02\/gen-cabecera-descorche.jpg","contentUrl":"https:\/\/rutadelvino.proximamente.mx\/wp-content\/uploads\/2026\/02\/gen-cabecera-descorche.jpg","width":1360,"height":768},{"@type":"BreadcrumbList","@id":"https:\/\/rutadelvino.proximamente.mx\/blog\/el-corcho-el-pequeno-gran-protagonista-del-vino\/#breadcrumb","itemListElement":[{"@type":"ListItem","position":1,"name":"Home","item":"https:\/\/rutadelvino.proximamente.mx\/"},{"@type":"ListItem","position":2,"name":"El Corcho: El Peque\u00f1o Gran Protagonista del Vino"}]},{"@type":"WebSite","@id":"https:\/\/rutadelvino.proximamente.mx\/#website","url":"https:\/\/rutadelvino.proximamente.mx\/","name":"Wine Route","description":"Valle de la Independencia","publisher":{"@id":"https:\/\/rutadelvino.proximamente.mx\/#organization"},"potentialAction":[{"@type":"SearchAction","target":{"@type":"EntryPoint","urlTemplate":"https:\/\/rutadelvino.proximamente.mx\/?s={search_term_string}"},"query-input":{"@type":"PropertyValueSpecification","valueRequired":true,"valueName":"search_term_string"}}],"inLanguage":"en-US"},{"@type":"Organization","@id":"https:\/\/rutadelvino.proximamente.mx\/#organization","name":"Wine Route","url":"https:\/\/rutadelvino.proximamente.mx\/","logo":{"@type":"ImageObject","inLanguage":"en-US","@id":"https:\/\/rutadelvino.proximamente.mx\/#\/schema\/logo\/image\/","url":"https:\/\/rutadelvino.proximamente.mx\/wp-content\/uploads\/2026\/02\/logo-a.png","contentUrl":"https:\/\/rutadelvino.proximamente.mx\/wp-content\/uploads\/2026\/02\/logo-a.png","width":512,"height":421,"caption":"Ruta del Vino"},"image":{"@id":"https:\/\/rutadelvino.proximamente.mx\/#\/schema\/logo\/image\/"},"sameAs":["https:\/\/www.facebook.com\/rutadelvinoguanajuato","https:\/\/www.instagram.com\/rutadelvinoguanajuato","https:\/\/www.tiktok.com\/@rutadelvinoguanajuato"]},{"@type":"Person","@id":"https:\/\/rutadelvino.proximamente.mx\/#\/schema\/person\/d868b63d2d046aeb3e183b46f8c4c1ac","name":"Pablo Torres","image":{"@type":"ImageObject","inLanguage":"en-US","@id":"https:\/\/secure.gravatar.com\/avatar\/7b2fd4a477a1b48c420d2a95aa92c3e136b15571c2425bb28a537230e57a0cb7?s=96&r=g&d=https:\/\/rutadelvino.proximamente.mx\/wp-content\/plugins\/userswp\/assets\/images\/no_profile.png","url":"https:\/\/secure.gravatar.com\/avatar\/7b2fd4a477a1b48c420d2a95aa92c3e136b15571c2425bb28a537230e57a0cb7?s=96&r=g&d=https:\/\/rutadelvino.proximamente.mx\/wp-content\/plugins\/userswp\/assets\/images\/no_profile.png","contentUrl":"https:\/\/secure.gravatar.com\/avatar\/7b2fd4a477a1b48c420d2a95aa92c3e136b15571c2425bb28a537230e57a0cb7?s=96&r=g&d=https:\/\/rutadelvino.proximamente.mx\/wp-content\/plugins\/userswp\/assets\/images\/no_profile.png","caption":"Pablo Torres"},"sameAs":["https:\/\/rutadelvino.proximamente.mx"],"url":"https:\/\/rutadelvino.proximamente.mx\/en\/perfil\/pablotll\/"}]}},"_links":{"self":[{"href":"https:\/\/rutadelvino.proximamente.mx\/en\/wp-json\/wp\/v2\/posts\/166554","targetHints":{"allow":["GET"]}}],"collection":[{"href":"https:\/\/rutadelvino.proximamente.mx\/en\/wp-json\/wp\/v2\/posts"}],"about":[{"href":"https:\/\/rutadelvino.proximamente.mx\/en\/wp-json\/wp\/v2\/types\/post"}],"author":[{"embeddable":true,"href":"https:\/\/rutadelvino.proximamente.mx\/en\/wp-json\/wp\/v2\/users\/1"}],"replies":[{"embeddable":true,"href":"https:\/\/rutadelvino.proximamente.mx\/en\/wp-json\/wp\/v2\/comments?post=166554"}],"version-history":[{"count":0,"href":"https:\/\/rutadelvino.proximamente.mx\/en\/wp-json\/wp\/v2\/posts\/166554\/revisions"}],"wp:featuredmedia":[{"embeddable":true,"href":"https:\/\/rutadelvino.proximamente.mx\/en\/wp-json\/wp\/v2\/media\/166550"}],"wp:attachment":[{"href":"https:\/\/rutadelvino.proximamente.mx\/en\/wp-json\/wp\/v2\/media?parent=166554"}],"wp:term":[{"taxonomy":"category","embeddable":true,"href":"https:\/\/rutadelvino.proximamente.mx\/en\/wp-json\/wp\/v2\/categories?post=166554"},{"taxonomy":"post_tag","embeddable":true,"href":"https:\/\/rutadelvino.proximamente.mx\/en\/wp-json\/wp\/v2\/tags?post=166554"}],"curies":[{"name":"wp","href":"https:\/\/api.w.org\/{rel}","templated":true}]}}